{"id":89324,"date":"2024-01-01T10:07:25","date_gmt":"2024-01-01T09:07:25","guid":{"rendered":"https:\/\/www.edvgarden.com\/la-fiorentina-giugno-2024-copy\/"},"modified":"2025-10-03T12:23:23","modified_gmt":"2025-10-03T10:23:23","slug":"a-tavola-con-stile","status":"publish","type":"post","link":"https:\/\/www.edvgarden.com\/it\/a-tavola-con-stile\/","title":{"rendered":"A Tavola con Stile"},"content":{"rendered":"<p>[et_pb_section fb_built=&#8221;1&#8243; _builder_version=&#8221;4.16&#8243; custom_margin=&#8221;||||false|false&#8221; custom_padding=&#8221;0px||0px||false|false&#8221; da_disable_devices=&#8221;off|off|off&#8221; global_colors_info=&#8221;{}&#8221; da_is_popup=&#8221;off&#8221; da_exit_intent=&#8221;off&#8221; da_has_close=&#8221;on&#8221; da_alt_close=&#8221;off&#8221; da_dark_close=&#8221;off&#8221; da_not_modal=&#8221;on&#8221; da_is_singular=&#8221;off&#8221; da_with_loader=&#8221;off&#8221; da_has_shadow=&#8221;on&#8221;][et_pb_row _builder_version=&#8221;4.16&#8243; background_color=&#8221;#ffffff&#8221; global_colors_info=&#8221;{}&#8221;][et_pb_column type=&#8221;4_4&#8243; _builder_version=&#8221;4.16&#8243; custom_padding=&#8221;|||&#8221; global_colors_info=&#8221;{}&#8221; custom_padding__hover=&#8221;|||&#8221;][et_pb_text _builder_version=&#8221;4.27.4&#8243; text_font_size=&#8221;18px&#8221; text_line_height=&#8221;1.8em&#8221; header_line_height=&#8221;1.4em&#8221; header_2_font_size=&#8221;22px&#8221; header_2_line_height=&#8221;1.2em&#8221; hover_enabled=&#8221;0&#8243; global_colors_info=&#8221;{%22gcid-77794a8e-e9aa-4276-a469-caf4bce22b9c%22:%91%22header_2_text_color%22%93}&#8221; header_2_text_color=&#8221;gcid-77794a8e-e9aa-4276-a469-caf4bce22b9c&#8221; sticky_enabled=&#8221;0&#8243;]<\/p>\n<h2><strong>A Tavola con Stile &#8211; Fra tradizione e contemporaneit\u00e0<\/strong><\/h2>\n<p><strong>Claudia Pianetti della Stufa &#8211; foto di Susi Lensi Orlandi &#8211; Ed. Mandragora 2024<\/strong><\/p>\n<p>Questa tavola, nel podere di propriet\u00e0, comunica tutta l&#8217;allegra accoglienza del giardino panoramico, aperto come un balcone fiorito sul profilo della citt\u00e0.<br \/>Il tono giocoso si esprime in un accostamento informale di stoviglie artigianali, piatti di legno &#8211; ricordo di un viaggio in Sud Africa, ceramiche fantasiose, vetri verdi del Valdarno anni sessanta, candelieri di vetro stile ani settanta e altri pezzi coloratissimi.<\/p>\n<p>La mise en place comprende: un vecchio servizio di posate francesi da giardino con il manico di bamb\u00f9, un&#8217;antica scatola inglese per il t\u00e8 usata come zuccheriera, grandi candelabri provenzali da giardino stile shabby chic, una teiera lavorata con motivi giardinieri di Brandimarte, due composizioni con rose rosa Pierre de Ronsard, rami di Crataegus <em>pyracantha<\/em> in fiore, rose bengalensi, tutte fioriture del giardino raccolte in due vasi gemelli di cristallo, un vaso mignon Anduze provenzale,<br \/>alcune coppe in vetro e una grande alzata moderna a tre piani, una rana di legno di buon auspicio come fermatovaglioli.<br \/>Completano il tavolo del caff\u00e8: tazzine da caff\u00e8 con roselline Richard Ginori, un servizio di porcellana fiorita da t\u00e8 per tisane e cioccolata, un piattino in ceramica inglese con coperchio a fiori per confetti.<\/p>\n<p>[\/et_pb_text][\/et_pb_column][\/et_pb_row][et_pb_row column_structure=&#8221;1_3,1_3,1_3&#8243; _builder_version=&#8221;4.26.1&#8243; _module_preset=&#8221;default&#8221; global_colors_info=&#8221;{}&#8221;][et_pb_column type=&#8221;1_3&#8243; _builder_version=&#8221;4.26.1&#8243; _module_preset=&#8221;default&#8221; global_colors_info=&#8221;{}&#8221;][et_pb_image src=&#8221;https:\/\/www.edvgarden.com\/wp-content\/uploads\/2024\/07\/edv-libro-tavola-3.jpg&#8221; title_text=&#8221;edv libro tavola 3&#8243; _builder_version=&#8221;4.26.1&#8243; _module_preset=&#8221;default&#8221; global_colors_info=&#8221;{}&#8221;][\/et_pb_image][\/et_pb_column][et_pb_column type=&#8221;1_3&#8243; _builder_version=&#8221;4.26.1&#8243; _module_preset=&#8221;default&#8221; global_colors_info=&#8221;{}&#8221;][et_pb_image src=&#8221;https:\/\/www.edvgarden.com\/wp-content\/uploads\/2024\/07\/edv-libro-tavola-2.jpg&#8221; title_text=&#8221;edv libro tavola 2&#8243; _builder_version=&#8221;4.26.1&#8243; _module_preset=&#8221;default&#8221; global_colors_info=&#8221;{}&#8221;][\/et_pb_image][\/et_pb_column][et_pb_column type=&#8221;1_3&#8243; _builder_version=&#8221;4.26.1&#8243; _module_preset=&#8221;default&#8221; global_colors_info=&#8221;{}&#8221;][et_pb_image src=&#8221;https:\/\/www.edvgarden.com\/wp-content\/uploads\/2024\/07\/edv-libro-tavola-1.jpg&#8221; title_text=&#8221;edv libro tavola 1&#8243; _builder_version=&#8221;4.26.1&#8243; _module_preset=&#8221;default&#8221; global_colors_info=&#8221;{}&#8221;][\/et_pb_image][\/et_pb_column][\/et_pb_row][\/et_pb_section]<\/p>\n","protected":false},"excerpt":{"rendered":"<p><I>A Tavola con Stile, fra tradizione e contemporaneit\u00e0<\/I><\/p>\n","protected":false},"author":1,"featured_media":89339,"comment_status":"closed","ping_status":"open","sticky":false,"template":"","format":"standard","meta":{"_et_pb_use_builder":"on","_et_pb_old_content":"","_et_gb_content_width":"","footnotes":""},"categories":[50],"tags":[],"class_list":["post-89324","post","type-post","status-publish","format-standard","has-post-thumbnail","hentry","category-stampa"],"yoast_head":"<!-- This site is optimized with the Yoast SEO plugin v27.4 - https:\/\/yoast.com\/product\/yoast-seo-wordpress\/ -->\n<title>A Tavola con Stile | EdV a Garden with a View<\/title>\n<meta name=\"robots\" content=\"noindex, follow\" \/>\n<meta property=\"og:locale\" content=\"it_IT\" \/>\n<meta property=\"og:type\" content=\"article\" \/>\n<meta property=\"og:title\" content=\"A Tavola con Stile | EdV a Garden with a View\" \/>\n<meta property=\"og:description\" content=\"A Tavola con Stile, fra tradizione e contemporaneit\u00e0\" \/>\n<meta property=\"og:url\" content=\"https:\/\/www.edvgarden.com\/it\/a-tavola-con-stile\/\" \/>\n<meta property=\"og:site_name\" content=\"EdV a Garden with a View\" \/>\n<meta property=\"article:author\" content=\"https:\/\/www.facebook.com\/edvgardenfirenze\" \/>\n<meta property=\"article:published_time\" content=\"2024-01-01T09:07:25+00:00\" \/>\n<meta property=\"article:modified_time\" content=\"2025-10-03T10:23:23+00:00\" \/>\n<meta property=\"og:image\" content=\"https:\/\/www.edvgarden.com\/wp-content\/uploads\/2024\/07\/IMG_5216-scaled-e1722417039373.jpg\" \/>\n\t<meta property=\"og:image:width\" content=\"1080\" \/>\n\t<meta property=\"og:image:height\" content=\"1273\" \/>\n\t<meta property=\"og:image:type\" content=\"image\/jpeg\" \/>\n<meta name=\"author\" content=\"admin\" \/>\n<meta name=\"twitter:card\" content=\"summary_large_image\" \/>\n<script type=\"application\/ld+json\" class=\"yoast-schema-graph\">{\"@context\":\"https:\\\/\\\/schema.org\",\"@graph\":[{\"@type\":\"Article\",\"@id\":\"https:\\\/\\\/www.edvgarden.com\\\/it\\\/a-tavola-con-stile\\\/#article\",\"isPartOf\":{\"@id\":\"https:\\\/\\\/www.edvgarden.com\\\/it\\\/a-tavola-con-stile\\\/\"},\"author\":{\"name\":\"admin\",\"@id\":\"https:\\\/\\\/www.edvgarden.com\\\/it\\\/#\\\/schema\\\/person\\\/4968fbde45a497b91cbff8c2855b38ac\"},\"headline\":\"A Tavola con Stile\",\"datePublished\":\"2024-01-01T09:07:25+00:00\",\"dateModified\":\"2025-10-03T10:23:23+00:00\",\"mainEntityOfPage\":{\"@id\":\"https:\\\/\\\/www.edvgarden.com\\\/it\\\/a-tavola-con-stile\\\/\"},\"wordCount\":521,\"publisher\":{\"@id\":\"https:\\\/\\\/www.edvgarden.com\\\/it\\\/#organization\"},\"image\":{\"@id\":\"https:\\\/\\\/www.edvgarden.com\\\/it\\\/a-tavola-con-stile\\\/#primaryimage\"},\"thumbnailUrl\":\"https:\\\/\\\/www.edvgarden.com\\\/wp-content\\\/uploads\\\/2024\\\/07\\\/IMG_5216-scaled-e1722417039373.jpg\",\"articleSection\":[\"stampa\"],\"inLanguage\":\"it-IT\"},{\"@type\":\"WebPage\",\"@id\":\"https:\\\/\\\/www.edvgarden.com\\\/it\\\/a-tavola-con-stile\\\/\",\"url\":\"https:\\\/\\\/www.edvgarden.com\\\/it\\\/a-tavola-con-stile\\\/\",\"name\":\"A Tavola con Stile | EdV a Garden with a View\",\"isPartOf\":{\"@id\":\"https:\\\/\\\/www.edvgarden.com\\\/it\\\/#website\"},\"primaryImageOfPage\":{\"@id\":\"https:\\\/\\\/www.edvgarden.com\\\/it\\\/a-tavola-con-stile\\\/#primaryimage\"},\"image\":{\"@id\":\"https:\\\/\\\/www.edvgarden.com\\\/it\\\/a-tavola-con-stile\\\/#primaryimage\"},\"thumbnailUrl\":\"https:\\\/\\\/www.edvgarden.com\\\/wp-content\\\/uploads\\\/2024\\\/07\\\/IMG_5216-scaled-e1722417039373.jpg\",\"datePublished\":\"2024-01-01T09:07:25+00:00\",\"dateModified\":\"2025-10-03T10:23:23+00:00\",\"breadcrumb\":{\"@id\":\"https:\\\/\\\/www.edvgarden.com\\\/it\\\/a-tavola-con-stile\\\/#breadcrumb\"},\"inLanguage\":\"it-IT\",\"potentialAction\":[{\"@type\":\"ReadAction\",\"target\":[\"https:\\\/\\\/www.edvgarden.com\\\/it\\\/a-tavola-con-stile\\\/\"]}]},{\"@type\":\"ImageObject\",\"inLanguage\":\"it-IT\",\"@id\":\"https:\\\/\\\/www.edvgarden.com\\\/it\\\/a-tavola-con-stile\\\/#primaryimage\",\"url\":\"https:\\\/\\\/www.edvgarden.com\\\/wp-content\\\/uploads\\\/2024\\\/07\\\/IMG_5216-scaled-e1722417039373.jpg\",\"contentUrl\":\"https:\\\/\\\/www.edvgarden.com\\\/wp-content\\\/uploads\\\/2024\\\/07\\\/IMG_5216-scaled-e1722417039373.jpg\",\"width\":1080,\"height\":1273},{\"@type\":\"BreadcrumbList\",\"@id\":\"https:\\\/\\\/www.edvgarden.com\\\/it\\\/a-tavola-con-stile\\\/#breadcrumb\",\"itemListElement\":[{\"@type\":\"ListItem\",\"position\":1,\"name\":\"Home\",\"item\":\"https:\\\/\\\/www.edvgarden.com\\\/it\\\/\"},{\"@type\":\"ListItem\",\"position\":2,\"name\":\"A Tavola con Stile\"}]},{\"@type\":\"WebSite\",\"@id\":\"https:\\\/\\\/www.edvgarden.com\\\/it\\\/#website\",\"url\":\"https:\\\/\\\/www.edvgarden.com\\\/it\\\/\",\"name\":\"EdV a Garden with a View\",\"description\":\"A Garden With a View in Florence\",\"publisher\":{\"@id\":\"https:\\\/\\\/www.edvgarden.com\\\/it\\\/#organization\"},\"potentialAction\":[{\"@type\":\"SearchAction\",\"target\":{\"@type\":\"EntryPoint\",\"urlTemplate\":\"https:\\\/\\\/www.edvgarden.com\\\/it\\\/?s={search_term_string}\"},\"query-input\":{\"@type\":\"PropertyValueSpecification\",\"valueRequired\":true,\"valueName\":\"search_term_string\"}}],\"inLanguage\":\"it-IT\"},{\"@type\":\"Organization\",\"@id\":\"https:\\\/\\\/www.edvgarden.com\\\/it\\\/#organization\",\"name\":\"EdV Garden di Alice Benedetta Esclapon de Villeneuve\",\"url\":\"https:\\\/\\\/www.edvgarden.com\\\/it\\\/\",\"logo\":{\"@type\":\"ImageObject\",\"inLanguage\":\"it-IT\",\"@id\":\"https:\\\/\\\/www.edvgarden.com\\\/it\\\/#\\\/schema\\\/logo\\\/image\\\/\",\"url\":\"https:\\\/\\\/www.edvgarden.com\\\/wp-content\\\/uploads\\\/2022\\\/01\\\/logo_EDV_rotondo.png\",\"contentUrl\":\"https:\\\/\\\/www.edvgarden.com\\\/wp-content\\\/uploads\\\/2022\\\/01\\\/logo_EDV_rotondo.png\",\"width\":2480,\"height\":2480,\"caption\":\"EdV Garden di Alice Benedetta Esclapon de Villeneuve\"},\"image\":{\"@id\":\"https:\\\/\\\/www.edvgarden.com\\\/it\\\/#\\\/schema\\\/logo\\\/image\\\/\"}},{\"@type\":\"Person\",\"@id\":\"https:\\\/\\\/www.edvgarden.com\\\/it\\\/#\\\/schema\\\/person\\\/4968fbde45a497b91cbff8c2855b38ac\",\"name\":\"admin\",\"image\":{\"@type\":\"ImageObject\",\"inLanguage\":\"it-IT\",\"@id\":\"https:\\\/\\\/secure.gravatar.com\\\/avatar\\\/7c0b07598bed9cfafccf9d1d3c4b5d72e9ad816a44acb90725cc47f2ea9a09de?s=96&d=mm&r=g\",\"url\":\"https:\\\/\\\/secure.gravatar.com\\\/avatar\\\/7c0b07598bed9cfafccf9d1d3c4b5d72e9ad816a44acb90725cc47f2ea9a09de?s=96&d=mm&r=g\",\"contentUrl\":\"https:\\\/\\\/secure.gravatar.com\\\/avatar\\\/7c0b07598bed9cfafccf9d1d3c4b5d72e9ad816a44acb90725cc47f2ea9a09de?s=96&d=mm&r=g\",\"caption\":\"admin\"},\"sameAs\":[\"https:\\\/\\\/www.edvgarden.com\",\"https:\\\/\\\/www.facebook.com\\\/edvgardenfirenze\",\"https:\\\/\\\/www.instagram.com\\\/edvgardenfirenze\\\/\"]}]}<\/script>\n<!-- \/ Yoast SEO plugin. -->","yoast_head_json":{"title":"A Tavola con Stile | EdV a Garden with a View","robots":{"index":"noindex","follow":"follow"},"og_locale":"it_IT","og_type":"article","og_title":"A Tavola con Stile | EdV a Garden with a View","og_description":"A Tavola con Stile, fra tradizione e contemporaneit\u00e0","og_url":"https:\/\/www.edvgarden.com\/it\/a-tavola-con-stile\/","og_site_name":"EdV a Garden with a View","article_author":"https:\/\/www.facebook.com\/edvgardenfirenze","article_published_time":"2024-01-01T09:07:25+00:00","article_modified_time":"2025-10-03T10:23:23+00:00","og_image":[{"width":1080,"height":1273,"url":"https:\/\/www.edvgarden.com\/wp-content\/uploads\/2024\/07\/IMG_5216-scaled-e1722417039373.jpg","type":"image\/jpeg"}],"author":"admin","twitter_card":"summary_large_image","schema":{"@context":"https:\/\/schema.org","@graph":[{"@type":"Article","@id":"https:\/\/www.edvgarden.com\/it\/a-tavola-con-stile\/#article","isPartOf":{"@id":"https:\/\/www.edvgarden.com\/it\/a-tavola-con-stile\/"},"author":{"name":"admin","@id":"https:\/\/www.edvgarden.com\/it\/#\/schema\/person\/4968fbde45a497b91cbff8c2855b38ac"},"headline":"A Tavola con Stile","datePublished":"2024-01-01T09:07:25+00:00","dateModified":"2025-10-03T10:23:23+00:00","mainEntityOfPage":{"@id":"https:\/\/www.edvgarden.com\/it\/a-tavola-con-stile\/"},"wordCount":521,"publisher":{"@id":"https:\/\/www.edvgarden.com\/it\/#organization"},"image":{"@id":"https:\/\/www.edvgarden.com\/it\/a-tavola-con-stile\/#primaryimage"},"thumbnailUrl":"https:\/\/www.edvgarden.com\/wp-content\/uploads\/2024\/07\/IMG_5216-scaled-e1722417039373.jpg","articleSection":["stampa"],"inLanguage":"it-IT"},{"@type":"WebPage","@id":"https:\/\/www.edvgarden.com\/it\/a-tavola-con-stile\/","url":"https:\/\/www.edvgarden.com\/it\/a-tavola-con-stile\/","name":"A Tavola con Stile | EdV a Garden with a View","isPartOf":{"@id":"https:\/\/www.edvgarden.com\/it\/#website"},"primaryImageOfPage":{"@id":"https:\/\/www.edvgarden.com\/it\/a-tavola-con-stile\/#primaryimage"},"image":{"@id":"https:\/\/www.edvgarden.com\/it\/a-tavola-con-stile\/#primaryimage"},"thumbnailUrl":"https:\/\/www.edvgarden.com\/wp-content\/uploads\/2024\/07\/IMG_5216-scaled-e1722417039373.jpg","datePublished":"2024-01-01T09:07:25+00:00","dateModified":"2025-10-03T10:23:23+00:00","breadcrumb":{"@id":"https:\/\/www.edvgarden.com\/it\/a-tavola-con-stile\/#breadcrumb"},"inLanguage":"it-IT","potentialAction":[{"@type":"ReadAction","target":["https:\/\/www.edvgarden.com\/it\/a-tavola-con-stile\/"]}]},{"@type":"ImageObject","inLanguage":"it-IT","@id":"https:\/\/www.edvgarden.com\/it\/a-tavola-con-stile\/#primaryimage","url":"https:\/\/www.edvgarden.com\/wp-content\/uploads\/2024\/07\/IMG_5216-scaled-e1722417039373.jpg","contentUrl":"https:\/\/www.edvgarden.com\/wp-content\/uploads\/2024\/07\/IMG_5216-scaled-e1722417039373.jpg","width":1080,"height":1273},{"@type":"BreadcrumbList","@id":"https:\/\/www.edvgarden.com\/it\/a-tavola-con-stile\/#breadcrumb","itemListElement":[{"@type":"ListItem","position":1,"name":"Home","item":"https:\/\/www.edvgarden.com\/it\/"},{"@type":"ListItem","position":2,"name":"A Tavola con Stile"}]},{"@type":"WebSite","@id":"https:\/\/www.edvgarden.com\/it\/#website","url":"https:\/\/www.edvgarden.com\/it\/","name":"EdV a Garden with a View","description":"A Garden With a View in Florence","publisher":{"@id":"https:\/\/www.edvgarden.com\/it\/#organization"},"potentialAction":[{"@type":"SearchAction","target":{"@type":"EntryPoint","urlTemplate":"https:\/\/www.edvgarden.com\/it\/?s={search_term_string}"},"query-input":{"@type":"PropertyValueSpecification","valueRequired":true,"valueName":"search_term_string"}}],"inLanguage":"it-IT"},{"@type":"Organization","@id":"https:\/\/www.edvgarden.com\/it\/#organization","name":"EdV Garden di Alice Benedetta Esclapon de Villeneuve","url":"https:\/\/www.edvgarden.com\/it\/","logo":{"@type":"ImageObject","inLanguage":"it-IT","@id":"https:\/\/www.edvgarden.com\/it\/#\/schema\/logo\/image\/","url":"https:\/\/www.edvgarden.com\/wp-content\/uploads\/2022\/01\/logo_EDV_rotondo.png","contentUrl":"https:\/\/www.edvgarden.com\/wp-content\/uploads\/2022\/01\/logo_EDV_rotondo.png","width":2480,"height":2480,"caption":"EdV Garden di Alice Benedetta Esclapon de Villeneuve"},"image":{"@id":"https:\/\/www.edvgarden.com\/it\/#\/schema\/logo\/image\/"}},{"@type":"Person","@id":"https:\/\/www.edvgarden.com\/it\/#\/schema\/person\/4968fbde45a497b91cbff8c2855b38ac","name":"admin","image":{"@type":"ImageObject","inLanguage":"it-IT","@id":"https:\/\/secure.gravatar.com\/avatar\/7c0b07598bed9cfafccf9d1d3c4b5d72e9ad816a44acb90725cc47f2ea9a09de?s=96&d=mm&r=g","url":"https:\/\/secure.gravatar.com\/avatar\/7c0b07598bed9cfafccf9d1d3c4b5d72e9ad816a44acb90725cc47f2ea9a09de?s=96&d=mm&r=g","contentUrl":"https:\/\/secure.gravatar.com\/avatar\/7c0b07598bed9cfafccf9d1d3c4b5d72e9ad816a44acb90725cc47f2ea9a09de?s=96&d=mm&r=g","caption":"admin"},"sameAs":["https:\/\/www.edvgarden.com","https:\/\/www.facebook.com\/edvgardenfirenze","https:\/\/www.instagram.com\/edvgardenfirenze\/"]}]}},"_links":{"self":[{"href":"https:\/\/www.edvgarden.com\/it\/wp-json\/wp\/v2\/posts\/89324","targetHints":{"allow":["GET"]}}],"collection":[{"href":"https:\/\/www.edvgarden.com\/it\/wp-json\/wp\/v2\/posts"}],"about":[{"href":"https:\/\/www.edvgarden.com\/it\/wp-json\/wp\/v2\/types\/post"}],"author":[{"embeddable":true,"href":"https:\/\/www.edvgarden.com\/it\/wp-json\/wp\/v2\/users\/1"}],"replies":[{"embeddable":true,"href":"https:\/\/www.edvgarden.com\/it\/wp-json\/wp\/v2\/comments?post=89324"}],"version-history":[{"count":1,"href":"https:\/\/www.edvgarden.com\/it\/wp-json\/wp\/v2\/posts\/89324\/revisions"}],"predecessor-version":[{"id":92713,"href":"https:\/\/www.edvgarden.com\/it\/wp-json\/wp\/v2\/posts\/89324\/revisions\/92713"}],"wp:featuredmedia":[{"embeddable":true,"href":"https:\/\/www.edvgarden.com\/it\/wp-json\/wp\/v2\/media\/89339"}],"wp:attachment":[{"href":"https:\/\/www.edvgarden.com\/it\/wp-json\/wp\/v2\/media?parent=89324"}],"wp:term":[{"taxonomy":"category","embeddable":true,"href":"https:\/\/www.edvgarden.com\/it\/wp-json\/wp\/v2\/categories?post=89324"},{"taxonomy":"post_tag","embeddable":true,"href":"https:\/\/www.edvgarden.com\/it\/wp-json\/wp\/v2\/tags?post=89324"}],"curies":[{"name":"wp","href":"https:\/\/api.w.org\/{rel}","templated":true}]}}